{"id":418,"date":"2021-09-14T10:07:02","date_gmt":"2021-09-14T10:07:02","guid":{"rendered":"https:\/\/struktonrail.be\/fr\/our-stories\/news\/2022\/03\/onze-landmeters-trekken-naar-zweden\/"},"modified":"2023-03-28T13:19:22","modified_gmt":"2023-03-28T13:19:22","slug":"onze-landmeters-trekken-naar-zweden","status":"publish","type":"article","link":"https:\/\/struktonrail.be\/fr\/our-stories\/news\/2021\/09\/onze-landmeters-trekken-naar-zweden\/","title":{"rendered":"V\u00e5ra lantm\u00e4tare \u00e5ker till Sverige*  * Nos g\u00e9om\u00e8tres se rendent en Su\u00e8de."},"excerpt":{"rendered":"","protected":false},"author":2,"featured_media":363,"template":"","article_market":[],"article_category":[19],"article_year":[23],"class_list":["post-418","article","type-article","status-publish","has-post-thumbnail","hentry","article_category-nouveau","article_year-23"],"acf":{"blocks":[{"acf_fc_layout":"articleheader","articleheader-title":"V\u00e5ra lantm\u00e4tare \u00e5ker till Sverige*  * Nos g\u00e9om\u00e8tres se rendent en Su\u00e8de.","articleheader-image":363,"articleheader-alignment":"center","articleheader-meta":[{"articleheader-label":"\u00c9crit par","articleheader-value":"Strukton Rail NV"},{"articleheader-label":"Publi\u00e9 le","articleheader-value":"14 septembre 2021"},{"articleheader-label":"Cat\u00e9gorie","articleheader-value":"Actualit\u00e9s"}]},{"acf_fc_layout":"article-intro","article-intro-text":"Le dimanche 12 septembre, une \u00e9quipe de g\u00e9om\u00e8tres exp\u00e9riment\u00e9s est partie en Su\u00e8de pour superviser un grand projet avec la d\u00e9garnisseuse de ballast."},{"acf_fc_layout":"singlecolumn-text-text--wide","singlecolumn-text-text--wide-text":"Peter De Reu : \"En Su\u00e8de, nous allons utiliser la d\u00e9garnisseuse de ballast dans la r\u00e9gion d'Helsingborg (sud-ouest de la Su\u00e8de). Le ballast sera renouvel\u00e9 ici sur un tron\u00e7on de +\/- 6 km.\u00a0Le but est de les aider \u00e0 utiliser la d\u00e9garnisseuse de ballast.\r\n\r\nGr\u00e2ce \u00e0 la navigation par satellite et \u00e0 l'aide de notre appareillage de mesure, nous contr\u00f4lons notamment la profondeur de d\u00e9garnissage.\r\nPour ce faire, un logiciel maison a \u00e9t\u00e9 d\u00e9velopp\u00e9 afin de d\u00e9terminer au centim\u00e8tre pr\u00e8s la position des bras d\u2019excavation. Apr\u00e8s la machine, un deuxi\u00e8me syst\u00e8me GPS sur la machine nous permettra de cr\u00e9er des donn\u00e9es d\u2019excavation pour un premier passage.\r\n\r\nLe projet d\u00e9bute le dimanche et se poursuit normalement jusqu'au jeudi. Nous avons pr\u00e9vu une journ\u00e9e suppl\u00e9mentaire au cas o\u00f9 les travaux ne se d\u00e9rouleraient pas comme pr\u00e9vu.\"\r\n\r\nVi \u00f6nskar er all lycka, Peter och Jo! ** (Nous vous souhaitons le meilleur, Peter &amp; Jo )!\r\n<div><\/div>"},{"acf_fc_layout":"carousel-js-carousel","carousel-js-carousel-title":"Nos g\u00e9om\u00e8tres se rendent en Su\u00e8de.","carousel-js-carousel-items":[{"carousel-js-carousel-title":"","carousel-js-carousel-image":369},{"carousel-js-carousel-title":"","carousel-js-carousel-image":363},{"carousel-js-carousel-title":"","carousel-js-carousel-image":372}]},{"acf_fc_layout":"sharing-js-sharing"}],"search_group":{"search-tags":"","search-exclude":"0","":null},"settings_group":{"is-vacancy":"false","breadcrumbs":"show"}},"yoast_head":"<!-- This site is optimized with the Yoast SEO plugin v27.4 - https:\/\/yoast.com\/product\/yoast-seo-wordpress\/ -->\n<title>V\u00e5ra lantm\u00e4tare \u00e5ker till Sverige* * Nos g\u00e9om\u00e8tres se rendent en Su\u00e8de.<\/title>\n<meta name=\"description\" content=\"Strukton Geomatics Europe d\u00e9ploie ses ailes!\" \/>\n<meta name=\"robots\" content=\"index, follow, max-snippet:-1, max-image-preview:large, max-video-preview:-1\" \/>\n<link rel=\"canonical\" href=\"https:\/\/struktonrail.be\/fr\/our-stories\/news\/2021\/09\/onze-landmeters-trekken-naar-zweden\/\" \/>\n<meta property=\"og:locale\" content=\"fr_FR\" \/>\n<meta property=\"og:type\" content=\"article\" \/>\n<meta property=\"og:title\" content=\"V\u00e5ra lantm\u00e4tare \u00e5ker till Sverige* * Nos g\u00e9om\u00e8tres se rendent en Su\u00e8de.\" \/>\n<meta property=\"og:description\" content=\"Strukton Geomatics Europe d\u00e9ploie ses ailes!\" \/>\n<meta property=\"og:url\" content=\"https:\/\/struktonrail.be\/fr\/our-stories\/news\/2021\/09\/onze-landmeters-trekken-naar-zweden\/\" \/>\n<meta property=\"og:site_name\" content=\"Rail FR\" \/>\n<meta property=\"article:modified_time\" content=\"2023-03-28T13:19:22+00:00\" \/>\n<meta property=\"og:image\" content=\"https:\/\/struktonrail.be\/fr\/wp-content\/uploads\/sites\/5\/2022\/03\/whatsapp-image-20210912-at-155218-4.jpg\" \/>\n\t<meta property=\"og:image:width\" content=\"2048\" \/>\n\t<meta property=\"og:image:height\" content=\"1536\" \/>\n\t<meta property=\"og:image:type\" content=\"image\/jpeg\" \/>\n<meta name=\"twitter:card\" content=\"summary_large_image\" \/>\n<meta name=\"twitter:title\" content=\"V\u00e5ra lantm\u00e4tare \u00e5ker till Sverige* * Nos g\u00e9om\u00e8tres se rendent en Su\u00e8de.\" \/>\n<meta name=\"twitter:description\" content=\"Strukton Geomatics Europe d\u00e9ploie ses ailes!\" \/>\n<script type=\"application\/ld+json\" class=\"yoast-schema-graph\">{\"@context\":\"https:\\\/\\\/schema.org\",\"@graph\":[{\"@type\":\"WebPage\",\"@id\":\"https:\\\/\\\/struktonrail.be\\\/fr\\\/our-stories\\\/news\\\/2021\\\/09\\\/onze-landmeters-trekken-naar-zweden\\\/\",\"url\":\"https:\\\/\\\/struktonrail.be\\\/fr\\\/our-stories\\\/news\\\/2021\\\/09\\\/onze-landmeters-trekken-naar-zweden\\\/\",\"name\":\"V\u00e5ra lantm\u00e4tare \u00e5ker till Sverige* * Nos g\u00e9om\u00e8tres se rendent en Su\u00e8de.\",\"isPartOf\":{\"@id\":\"https:\\\/\\\/struktonrail.be\\\/fr\\\/#website\"},\"primaryImageOfPage\":{\"@id\":\"https:\\\/\\\/struktonrail.be\\\/fr\\\/our-stories\\\/news\\\/2021\\\/09\\\/onze-landmeters-trekken-naar-zweden\\\/#primaryimage\"},\"image\":{\"@id\":\"https:\\\/\\\/struktonrail.be\\\/fr\\\/our-stories\\\/news\\\/2021\\\/09\\\/onze-landmeters-trekken-naar-zweden\\\/#primaryimage\"},\"thumbnailUrl\":\"https:\\\/\\\/struktonrail.be\\\/fr\\\/wp-content\\\/uploads\\\/sites\\\/5\\\/2022\\\/03\\\/whatsapp-image-20210912-at-155218-4.jpg\",\"datePublished\":\"2021-09-14T10:07:02+00:00\",\"dateModified\":\"2023-03-28T13:19:22+00:00\",\"description\":\"Strukton Geomatics Europe d\u00e9ploie ses ailes!\",\"breadcrumb\":{\"@id\":\"https:\\\/\\\/struktonrail.be\\\/fr\\\/our-stories\\\/news\\\/2021\\\/09\\\/onze-landmeters-trekken-naar-zweden\\\/#breadcrumb\"},\"inLanguage\":\"fr-BE\",\"potentialAction\":[{\"@type\":\"ReadAction\",\"target\":[\"https:\\\/\\\/struktonrail.be\\\/fr\\\/our-stories\\\/news\\\/2021\\\/09\\\/onze-landmeters-trekken-naar-zweden\\\/\"]}]},{\"@type\":\"ImageObject\",\"inLanguage\":\"fr-BE\",\"@id\":\"https:\\\/\\\/struktonrail.be\\\/fr\\\/our-stories\\\/news\\\/2021\\\/09\\\/onze-landmeters-trekken-naar-zweden\\\/#primaryimage\",\"url\":\"https:\\\/\\\/struktonrail.be\\\/fr\\\/wp-content\\\/uploads\\\/sites\\\/5\\\/2022\\\/03\\\/whatsapp-image-20210912-at-155218-4.jpg\",\"contentUrl\":\"https:\\\/\\\/struktonrail.be\\\/fr\\\/wp-content\\\/uploads\\\/sites\\\/5\\\/2022\\\/03\\\/whatsapp-image-20210912-at-155218-4.jpg\",\"width\":2048,\"height\":1536},{\"@type\":\"BreadcrumbList\",\"@id\":\"https:\\\/\\\/struktonrail.be\\\/fr\\\/our-stories\\\/news\\\/2021\\\/09\\\/onze-landmeters-trekken-naar-zweden\\\/#breadcrumb\",\"itemListElement\":[{\"@type\":\"ListItem\",\"position\":1,\"name\":\"Home\",\"item\":\"https:\\\/\\\/struktonrail.be\\\/fr\\\/\"},{\"@type\":\"ListItem\",\"position\":2,\"name\":\"V\u00e5ra lantm\u00e4tare \u00e5ker till Sverige* * Nos g\u00e9om\u00e8tres se rendent en Su\u00e8de.\"}]},{\"@type\":\"WebSite\",\"@id\":\"https:\\\/\\\/struktonrail.be\\\/fr\\\/#website\",\"url\":\"https:\\\/\\\/struktonrail.be\\\/fr\\\/\",\"name\":\"Rail FR\",\"description\":\"Een andere Rail site\",\"potentialAction\":[{\"@type\":\"SearchAction\",\"target\":{\"@type\":\"EntryPoint\",\"urlTemplate\":\"https:\\\/\\\/struktonrail.be\\\/fr\\\/?s={search_term_string}\"},\"query-input\":{\"@type\":\"PropertyValueSpecification\",\"valueRequired\":true,\"valueName\":\"search_term_string\"}}],\"inLanguage\":\"fr-BE\"}]}<\/script>\n<!-- \/ Yoast SEO plugin. -->","yoast_head_json":{"title":"V\u00e5ra lantm\u00e4tare \u00e5ker till Sverige* * Nos g\u00e9om\u00e8tres se rendent en Su\u00e8de.","description":"Strukton Geomatics Europe d\u00e9ploie ses ailes!","robots":{"index":"index","follow":"follow","max-snippet":"max-snippet:-1","max-image-preview":"max-image-preview:large","max-video-preview":"max-video-preview:-1"},"canonical":"https:\/\/struktonrail.be\/fr\/our-stories\/news\/2021\/09\/onze-landmeters-trekken-naar-zweden\/","og_locale":"fr_FR","og_type":"article","og_title":"V\u00e5ra lantm\u00e4tare \u00e5ker till Sverige* * Nos g\u00e9om\u00e8tres se rendent en Su\u00e8de.","og_description":"Strukton Geomatics Europe d\u00e9ploie ses ailes!","og_url":"https:\/\/struktonrail.be\/fr\/our-stories\/news\/2021\/09\/onze-landmeters-trekken-naar-zweden\/","og_site_name":"Rail FR","article_modified_time":"2023-03-28T13:19:22+00:00","og_image":[{"width":2048,"height":1536,"url":"https:\/\/struktonrail.be\/fr\/wp-content\/uploads\/sites\/5\/2022\/03\/whatsapp-image-20210912-at-155218-4.jpg","type":"image\/jpeg"}],"twitter_card":"summary_large_image","twitter_title":"V\u00e5ra lantm\u00e4tare \u00e5ker till Sverige* * Nos g\u00e9om\u00e8tres se rendent en Su\u00e8de.","twitter_description":"Strukton Geomatics Europe d\u00e9ploie ses ailes!","schema":{"@context":"https:\/\/schema.org","@graph":[{"@type":"WebPage","@id":"https:\/\/struktonrail.be\/fr\/our-stories\/news\/2021\/09\/onze-landmeters-trekken-naar-zweden\/","url":"https:\/\/struktonrail.be\/fr\/our-stories\/news\/2021\/09\/onze-landmeters-trekken-naar-zweden\/","name":"V\u00e5ra lantm\u00e4tare \u00e5ker till Sverige* * Nos g\u00e9om\u00e8tres se rendent en Su\u00e8de.","isPartOf":{"@id":"https:\/\/struktonrail.be\/fr\/#website"},"primaryImageOfPage":{"@id":"https:\/\/struktonrail.be\/fr\/our-stories\/news\/2021\/09\/onze-landmeters-trekken-naar-zweden\/#primaryimage"},"image":{"@id":"https:\/\/struktonrail.be\/fr\/our-stories\/news\/2021\/09\/onze-landmeters-trekken-naar-zweden\/#primaryimage"},"thumbnailUrl":"https:\/\/struktonrail.be\/fr\/wp-content\/uploads\/sites\/5\/2022\/03\/whatsapp-image-20210912-at-155218-4.jpg","datePublished":"2021-09-14T10:07:02+00:00","dateModified":"2023-03-28T13:19:22+00:00","description":"Strukton Geomatics Europe d\u00e9ploie ses ailes!","breadcrumb":{"@id":"https:\/\/struktonrail.be\/fr\/our-stories\/news\/2021\/09\/onze-landmeters-trekken-naar-zweden\/#breadcrumb"},"inLanguage":"fr-BE","potentialAction":[{"@type":"ReadAction","target":["https:\/\/struktonrail.be\/fr\/our-stories\/news\/2021\/09\/onze-landmeters-trekken-naar-zweden\/"]}]},{"@type":"ImageObject","inLanguage":"fr-BE","@id":"https:\/\/struktonrail.be\/fr\/our-stories\/news\/2021\/09\/onze-landmeters-trekken-naar-zweden\/#primaryimage","url":"https:\/\/struktonrail.be\/fr\/wp-content\/uploads\/sites\/5\/2022\/03\/whatsapp-image-20210912-at-155218-4.jpg","contentUrl":"https:\/\/struktonrail.be\/fr\/wp-content\/uploads\/sites\/5\/2022\/03\/whatsapp-image-20210912-at-155218-4.jpg","width":2048,"height":1536},{"@type":"BreadcrumbList","@id":"https:\/\/struktonrail.be\/fr\/our-stories\/news\/2021\/09\/onze-landmeters-trekken-naar-zweden\/#breadcrumb","itemListElement":[{"@type":"ListItem","position":1,"name":"Home","item":"https:\/\/struktonrail.be\/fr\/"},{"@type":"ListItem","position":2,"name":"V\u00e5ra lantm\u00e4tare \u00e5ker till Sverige* * Nos g\u00e9om\u00e8tres se rendent en Su\u00e8de."}]},{"@type":"WebSite","@id":"https:\/\/struktonrail.be\/fr\/#website","url":"https:\/\/struktonrail.be\/fr\/","name":"Rail FR","description":"Een andere Rail site","potentialAction":[{"@type":"SearchAction","target":{"@type":"EntryPoint","urlTemplate":"https:\/\/struktonrail.be\/fr\/?s={search_term_string}"},"query-input":{"@type":"PropertyValueSpecification","valueRequired":true,"valueName":"search_term_string"}}],"inLanguage":"fr-BE"}]}},"_links":{"self":[{"href":"https:\/\/struktonrail.be\/fr\/wp-json\/wp\/v2\/article\/418","targetHints":{"allow":["GET"]}}],"collection":[{"href":"https:\/\/struktonrail.be\/fr\/wp-json\/wp\/v2\/article"}],"about":[{"href":"https:\/\/struktonrail.be\/fr\/wp-json\/wp\/v2\/types\/article"}],"author":[{"embeddable":true,"href":"https:\/\/struktonrail.be\/fr\/wp-json\/wp\/v2\/users\/2"}],"version-history":[{"count":1,"href":"https:\/\/struktonrail.be\/fr\/wp-json\/wp\/v2\/article\/418\/revisions"}],"predecessor-version":[{"id":639,"href":"https:\/\/struktonrail.be\/fr\/wp-json\/wp\/v2\/article\/418\/revisions\/639"}],"wp:featuredmedia":[{"embeddable":true,"href":"https:\/\/struktonrail.be\/fr\/wp-json\/wp\/v2\/media\/363"}],"wp:attachment":[{"href":"https:\/\/struktonrail.be\/fr\/wp-json\/wp\/v2\/media?parent=418"}],"wp:term":[{"taxonomy":"article_market","embeddable":true,"href":"https:\/\/struktonrail.be\/fr\/wp-json\/wp\/v2\/article_market?post=418"},{"taxonomy":"article_category","embeddable":true,"href":"https:\/\/struktonrail.be\/fr\/wp-json\/wp\/v2\/article_category?post=418"},{"taxonomy":"article_year","embeddable":true,"href":"https:\/\/struktonrail.be\/fr\/wp-json\/wp\/v2\/article_year?post=418"}],"curies":[{"name":"wp","href":"https:\/\/api.w.org\/{rel}","templated":true}]}}